{"id":832,"date":"2018-05-16T21:03:58","date_gmt":"2018-05-16T21:03:58","guid":{"rendered":"https:\/\/savalfg.cl\/2017\/?p=832"},"modified":"2018-05-16T21:03:58","modified_gmt":"2018-05-16T21:03:58","slug":"en-la-moneda-saval-fg-se-reunio-con-ministro-chadwick-para-que-violencia-rural-sea-incorporada-a-plan-nacional-de-seguridad","status":"publish","type":"post","link":"https:\/\/savalfg.cl\/2017\/en-la-moneda-saval-fg-se-reunio-con-ministro-chadwick-para-que-violencia-rural-sea-incorporada-a-plan-nacional-de-seguridad\/","title":{"rendered":"En La Moneda:  SAVAL FG se reuni\u00f3 con ministro Chadwick para que violencia rural sea incorporada a Plan Nacional de Seguridad"},"content":{"rendered":"<p style=\"font-weight: 400;\">El presidente de SAVAL FG, V\u00edctor Valentin, junto al diputado Harry Jurghensen y el diputado Iv\u00e1n Flores, quien adem\u00e1s es presidente de la Comisi\u00f3n de Seguridad Ciudadana de la C\u00e1mara Baja, se reunieron en La Moneda con el ministro del Interior, Andr\u00e9s Chadwick, para solicitarle la necesidad de incorporar la violencia rural en el Plan Nacional de Seguridad y, adem\u00e1s, comprometerlo a realizar una mesa de trabajo en la zona sur de Chile.<\/p>\n<p style=\"font-weight: 400;\">Durante la reuni\u00f3n el dirigente\u00a0de Los R\u00edos expusieron su preocupaci\u00f3n por la situaci\u00f3n actual en los sectores rurales, donde son los peque\u00f1os agricultores los m\u00e1s afectados por el robo y matanza de animales, entre otros delitos. Por lo mismo, la urgencia de incorporar la violencia rural en el Plan Nacional de Seguridad en el que trabaja el Gobierno.<\/p>\n<p style=\"font-weight: 400;\">El presidente de SAVAL FG, V\u00edctor Valentin, sostuvo respecto a la reuni\u00f3n que \u201clogramos tener una productiva conversaci\u00f3n con el ministro Chadwik, en donde escuch\u00f3 nuestros planteamientos sobre lo que sucede con el abigeato y seguridad rural. El ministro tiene mucho inter\u00e9s de avanzar y generar proyectos sobre seguridad para disminuir la vulnerabilidad ciudadana, por lo que se comprometi\u00f3 para que esta materia est\u00e9 en la agenda de seguridad\u201d.<\/p>\n<p style=\"font-weight: 400;\">Adem\u00e1s, Valentin agreg\u00f3 que \u201cel ministro nos ha confirmado una mesa de trabajo con la mesa ganadera del sur del pa\u00eds, de toda la zona macro sur para seguir discutiendo sobre soluciones a los problemas de seguridad que preocupan a los agricultores, principalmente el abigeato y la violencia rural\u201d.<\/p>\n<p style=\"font-weight: 400;\">Durante la semana pasada, SAVAL FG se reuni\u00f3 con el Fiscal Jefe de la Unidad de An\u00e1lisis Criminal y Focos Investigativos de la Regi\u00f3n Los R\u00edos, \u00c1lvaro P\u00e9rez, quien asegur\u00f3 priorizar la investigaci\u00f3n de delitos de abigeato y capacitar a fiscales de la regi\u00f3n de Los R\u00edos en materias de peritaje a trav\u00e9s de marcadores moleculares.<\/p>\n<p style=\"font-weight: 400;\">La Federaci\u00f3n Gremial SAVAL FG continuamente ha trabajado en reforzar la seguridad rural teniendo reuniones con distintas autoridades, de igual manera entregando apoyo t\u00e9cnico y buscando fuentes de financiamiento para generar iniciativas que combatan de forma m\u00e1s eficiente el delito de la violencia rural y abigeato que afectan a todos quienes viven de la agricultura en el sur del pa\u00eds.<\/p>\n\n<div class=\"twitter-share\"><a href=\"https:\/\/twitter.com\/intent\/tweet?via=savalfg\" class=\"twitter-share-button\" data-size=\"large\">Twittear<\/a><\/div>\n","protected":false},"excerpt":{"rendered":"<p>El presidente de SAVAL FG, V\u00edctor Valentin, junto al diputado Harry Jurghensen y el diputado Iv\u00e1n Flores, quien adem\u00e1s es presidente de la Comisi\u00f3n de Seguridad Ciudadana de la C\u00e1mara Baja, se reunieron en La Moneda con el ministro del Interior, Andr\u00e9s Chadwick, para solicitarle la necesidad de incorporar la violencia rural en el Plan Nacional de Seguridad y, adem\u00e1s, comprometerlo a realizar una mesa de trabajo en la zona sur de Chile. Durante la reuni\u00f3n el dirigente\u00a0de Los R\u00edos expusieron su preocupaci\u00f3n por la situaci\u00f3n actual en los sectores rurales, donde son los peque\u00f1os agricultores los m\u00e1s afectados por el robo y matanza de animales, entre otros delitos. Por lo mismo, la urgencia de incorporar la violencia rural en el Plan Nacional de Seguridad en el que trabaja el Gobierno. El presidente de SAVAL FG, V\u00edctor Valentin, sostuvo respecto a la reuni\u00f3n que \u201clogramos tener una productiva conversaci\u00f3n con el ministro Chadwik, en donde escuch\u00f3 nuestros planteamientos sobre lo que sucede con el abigeato y seguridad rural. El ministro tiene mucho inter\u00e9s de avanzar y generar proyectos sobre seguridad para disminuir la vulnerabilidad ciudadana, por lo que se comprometi\u00f3 para que esta materia est\u00e9 en la agenda de seguridad\u201d. Adem\u00e1s, Valentin agreg\u00f3 que \u201cel ministro nos ha confirmado una mesa de trabajo con la mesa ganadera del sur del pa\u00eds, de toda la zona macro sur para seguir discutiendo sobre soluciones a los problemas de seguridad que preocupan a los agricultores, principalmente el abigeato y la violencia rural\u201d. Durante la semana pasada, SAVAL FG se reuni\u00f3 con el Fiscal Jefe de la Unidad de An\u00e1lisis Criminal y Focos Investigativos de la Regi\u00f3n Los R\u00edos, \u00c1lvaro P\u00e9rez, quien asegur\u00f3 priorizar la investigaci\u00f3n de delitos de abigeato y capacitar a fiscales de la regi\u00f3n de Los R\u00edos en materias de peritaje a trav\u00e9s de marcadores moleculares. La Federaci\u00f3n Gremial SAVAL FG continuamente ha trabajado en reforzar la seguridad rural teniendo reuniones con distintas autoridades, de igual manera entregando apoyo t\u00e9cnico y buscando fuentes de financiamiento para generar iniciativas que combatan de forma m\u00e1s eficiente el delito de la violencia rural y abigeato que afectan a todos quienes viven de la agricultura en el sur del pa\u00eds.<\/p>\n","protected":false},"author":7,"featured_media":833,"comment_status":"open","ping_status":"open","sticky":false,"template":"","format":"standard","meta":{"disable_featured_image":false},"categories":[2,5],"tags":[],"post_mailing_queue_ids":[],"_links":{"self":[{"href":"https:\/\/savalfg.cl\/2017\/wp-json\/wp\/v2\/posts\/832"}],"collection":[{"href":"https:\/\/savalfg.cl\/2017\/wp-json\/wp\/v2\/posts"}],"about":[{"href":"https:\/\/savalfg.cl\/2017\/wp-json\/wp\/v2\/types\/post"}],"author":[{"embeddable":true,"href":"https:\/\/savalfg.cl\/2017\/wp-json\/wp\/v2\/users\/7"}],"replies":[{"embeddable":true,"href":"https:\/\/savalfg.cl\/2017\/wp-json\/wp\/v2\/comments?post=832"}],"version-history":[{"count":1,"href":"https:\/\/savalfg.cl\/2017\/wp-json\/wp\/v2\/posts\/832\/revisions"}],"predecessor-version":[{"id":834,"href":"https:\/\/savalfg.cl\/2017\/wp-json\/wp\/v2\/posts\/832\/revisions\/834"}],"wp:featuredmedia":[{"embeddable":true,"href":"https:\/\/savalfg.cl\/2017\/wp-json\/wp\/v2\/media\/833"}],"wp:attachment":[{"href":"https:\/\/savalfg.cl\/2017\/wp-json\/wp\/v2\/media?parent=832"}],"wp:term":[{"taxonomy":"category","embeddable":true,"href":"https:\/\/savalfg.cl\/2017\/wp-json\/wp\/v2\/categories?post=832"},{"taxonomy":"post_tag","embeddable":true,"href":"https:\/\/savalfg.cl\/2017\/wp-json\/wp\/v2\/tags?post=832"}],"curies":[{"name":"wp","href":"https:\/\/api.w.org\/{rel}","templated":true}]}}