{"id":790,"date":"2018-04-09T01:36:16","date_gmt":"2018-04-09T01:36:16","guid":{"rendered":"https:\/\/savalfg.cl\/2017\/?p=790"},"modified":"2018-04-09T01:36:16","modified_gmt":"2018-04-09T01:36:16","slug":"actividad-1-nodo-carnes-naturales-temporada-2018","status":"publish","type":"post","link":"https:\/\/savalfg.cl\/2017\/actividad-1-nodo-carnes-naturales-temporada-2018\/","title":{"rendered":"Actividad 1 Nodo Carnes Naturales Temporada 2018"},"content":{"rendered":"<p>Estimados Productores,\u00a0 junto con saludarles cordialmente, nos permitimos remitir a Uds. Invitaci\u00f3n a la primera actividad del Nodo Carne Natural a realizarse el pr\u00f3ximo \u00a0Jueves 12 de abril de 2018\u00a0 \u00a0de \u00a09.30 \u2013 16.30 hrs. (Incluye desayuno y almuerzo) Restaurante Czischke , <strong>Camino Paillaco Valdivia<\/strong>\u2013\u00a0 Fundo Parque Ropulli (Implementaci\u00f3n Ganader\u00eda Regenerativa), Paillaco.<\/p>\n<p>Por favor confirmar participaci\u00f3n a Patricio Olavarr\u00eda <a href=\"mailto:patricio@carnesmanada.com\">patricio@carnesmanada.com<\/a>, fono <strong>+569 9917 4426.<\/strong><\/p>\n<p><a href=\"https:\/\/savalfg.cl\/2017\/wp-content\/uploads\/2018\/04\/Programa-Taller-Quienes-Somos-y-Visita-Tecnica-003.docx\">Programa Taller Quienes Somos y Visita Tecnica (003)<\/a><\/p>\n<p>&nbsp;<\/p>\n\n<div class=\"twitter-share\"><a href=\"https:\/\/twitter.com\/intent\/tweet?via=savalfg\" class=\"twitter-share-button\" data-size=\"large\">Twittear<\/a><\/div>\n","protected":false},"excerpt":{"rendered":"<p>Estimados Productores,\u00a0 junto con saludarles cordialmente, nos permitimos remitir a Uds. Invitaci\u00f3n a la primera actividad del Nodo Carne Natural a realizarse el pr\u00f3ximo \u00a0Jueves 12 de abril de 2018\u00a0 \u00a0de \u00a09.30 \u2013 16.30 hrs. (Incluye desayuno y almuerzo) Restaurante Czischke , Camino Paillaco Valdivia\u2013\u00a0 Fundo Parque Ropulli (Implementaci\u00f3n Ganader\u00eda Regenerativa), Paillaco. Por favor confirmar participaci\u00f3n a Patricio Olavarr\u00eda patricio@carnesmanada.com, fono +569 9917 4426. Programa Taller Quienes Somos y Visita Tecnica (003) &nbsp;<\/p>\n","protected":false},"author":7,"featured_media":793,"comment_status":"open","ping_status":"open","sticky":false,"template":"","format":"standard","meta":{"disable_featured_image":false},"categories":[2,14],"tags":[],"post_mailing_queue_ids":[],"_links":{"self":[{"href":"https:\/\/savalfg.cl\/2017\/wp-json\/wp\/v2\/posts\/790"}],"collection":[{"href":"https:\/\/savalfg.cl\/2017\/wp-json\/wp\/v2\/posts"}],"about":[{"href":"https:\/\/savalfg.cl\/2017\/wp-json\/wp\/v2\/types\/post"}],"author":[{"embeddable":true,"href":"https:\/\/savalfg.cl\/2017\/wp-json\/wp\/v2\/users\/7"}],"replies":[{"embeddable":true,"href":"https:\/\/savalfg.cl\/2017\/wp-json\/wp\/v2\/comments?post=790"}],"version-history":[{"count":1,"href":"https:\/\/savalfg.cl\/2017\/wp-json\/wp\/v2\/posts\/790\/revisions"}],"predecessor-version":[{"id":794,"href":"https:\/\/savalfg.cl\/2017\/wp-json\/wp\/v2\/posts\/790\/revisions\/794"}],"wp:featuredmedia":[{"embeddable":true,"href":"https:\/\/savalfg.cl\/2017\/wp-json\/wp\/v2\/media\/793"}],"wp:attachment":[{"href":"https:\/\/savalfg.cl\/2017\/wp-json\/wp\/v2\/media?parent=790"}],"wp:term":[{"taxonomy":"category","embeddable":true,"href":"https:\/\/savalfg.cl\/2017\/wp-json\/wp\/v2\/categories?post=790"},{"taxonomy":"post_tag","embeddable":true,"href":"https:\/\/savalfg.cl\/2017\/wp-json\/wp\/v2\/tags?post=790"}],"curies":[{"name":"wp","href":"https:\/\/api.w.org\/{rel}","templated":true}]}}