{"id":1097,"date":"2020-06-10T14:55:09","date_gmt":"2020-06-10T14:55:09","guid":{"rendered":"https:\/\/savalfg.cl\/2017\/?p=1097"},"modified":"2020-06-10T14:55:10","modified_gmt":"2020-06-10T14:55:10","slug":"los-rios-retoma-exportacion-de-carnes-a-china-tras-3-anos-de-cierre-tiene-certificacion-de-origen","status":"publish","type":"post","link":"https:\/\/savalfg.cl\/2017\/los-rios-retoma-exportacion-de-carnes-a-china-tras-3-anos-de-cierre-tiene-certificacion-de-origen\/","title":{"rendered":"Los R\u00edos retoma exportaci\u00f3n de carnes a China tras 3 a\u00f1os de cierre: tiene certificaci\u00f3n de origen"},"content":{"rendered":"\n<p>Tres a\u00f1os pasaron para que la&nbsp;<strong>regi\u00f3n de Los R\u00edos retomara los env\u00edos de carne al mercado del gigante asi\u00e1tico<\/strong>, el principal destino de esta zona en materia de exportaci\u00f3n.<\/p>\n\n\n\n<p>La informaci\u00f3n fue proporcionada por fuentes Radio B\u00edo B\u00edo y confirmada por el director regional de ProChile, Henry Azurmendy, quien confirm\u00f3 que&nbsp;<strong>Carnes \u00d1uble<\/strong>, ex Frival, comenz\u00f3 los env\u00edos despu\u00e9s superar los embates que dej\u00f3 un incendio en dicha f\u00e1brica.<\/p>\n\n\n\n<p>De igual forma, inform\u00f3 que este\u00a0<strong>producto es exportado con certificaci\u00f3n de origen,<\/strong>\u00a0con lo que se demuestra que esta es una zona exportadora, que genera empleo y que se posiciona a nivel nacional y mundial desde la regi\u00f3n de Los R\u00edos.<\/p>\n\n\n\n<p>Los primeros env\u00edos son a trav\u00e9s de un&nbsp;<strong>container con m\u00e1s de 40 mil kilos<\/strong>, una vez a la semana.<\/p>\n\n\n\n<p>Mientras que los productos que comenzaron a ser exportados son de car\u00e1cter secundario, aunque se proyecta para m\u00e1s adelante vender carnes m\u00e1s elaboradas y en mayor volumen, indic\u00f3 el director regional de ProChile.<\/p>\n\n\n\n<p><a href=\"https:\/\/www.biobiochile.cl\/noticias\/nacional\/chile\/2020\/06\/10\/feministas-rechazan-nueva-ministra-la-mujer-posturas-respecto-al-postnatal-aborto.shtml\">https:\/\/www.biobiochile.cl\/noticias\/nacional\/chile\/2020\/06\/10\/feministas-rechazan-nueva-ministra-la-mujer-posturas-respecto-al-postnatal-aborto.shtml<\/a><\/p>\n\n<div class=\"twitter-share\"><a href=\"https:\/\/twitter.com\/intent\/tweet?via=savalfg\" class=\"twitter-share-button\" data-size=\"large\">Twittear<\/a><\/div>\n","protected":false},"excerpt":{"rendered":"<p>Tres a\u00f1os pasaron para que la&nbsp;regi\u00f3n de Los R\u00edos retomara los env\u00edos de carne al mercado del gigante asi\u00e1tico, el principal destino de esta zona en materia de exportaci\u00f3n. La informaci\u00f3n fue proporcionada por fuentes Radio B\u00edo B\u00edo y confirmada por el director regional de ProChile, Henry Azurmendy, quien confirm\u00f3 que&nbsp;Carnes \u00d1uble, ex Frival, comenz\u00f3 los env\u00edos despu\u00e9s superar los embates que dej\u00f3 un incendio en dicha f\u00e1brica. De igual forma, inform\u00f3 que este\u00a0producto es exportado con certificaci\u00f3n de origen,\u00a0con lo que se demuestra que esta es una zona exportadora, que genera empleo y que se posiciona a nivel nacional y mundial desde la regi\u00f3n de Los R\u00edos. Los primeros env\u00edos son a trav\u00e9s de un&nbsp;container con m\u00e1s de 40 mil kilos, una vez a la semana. Mientras que los productos que comenzaron a ser exportados son de car\u00e1cter secundario, aunque se proyecta para m\u00e1s adelante vender carnes m\u00e1s elaboradas y en mayor volumen, indic\u00f3 el director regional de ProChile. https:\/\/www.biobiochile.cl\/noticias\/nacional\/chile\/2020\/06\/10\/feministas-rechazan-nueva-ministra-la-mujer-posturas-respecto-al-postnatal-aborto.shtml<\/p>\n","protected":false},"author":7,"featured_media":466,"comment_status":"open","ping_status":"open","sticky":false,"template":"","format":"standard","meta":{"disable_featured_image":false},"categories":[2,5,1],"tags":[],"post_mailing_queue_ids":[],"_links":{"self":[{"href":"https:\/\/savalfg.cl\/2017\/wp-json\/wp\/v2\/posts\/1097"}],"collection":[{"href":"https:\/\/savalfg.cl\/2017\/wp-json\/wp\/v2\/posts"}],"about":[{"href":"https:\/\/savalfg.cl\/2017\/wp-json\/wp\/v2\/types\/post"}],"author":[{"embeddable":true,"href":"https:\/\/savalfg.cl\/2017\/wp-json\/wp\/v2\/users\/7"}],"replies":[{"embeddable":true,"href":"https:\/\/savalfg.cl\/2017\/wp-json\/wp\/v2\/comments?post=1097"}],"version-history":[{"count":1,"href":"https:\/\/savalfg.cl\/2017\/wp-json\/wp\/v2\/posts\/1097\/revisions"}],"predecessor-version":[{"id":1098,"href":"https:\/\/savalfg.cl\/2017\/wp-json\/wp\/v2\/posts\/1097\/revisions\/1098"}],"wp:featuredmedia":[{"embeddable":true,"href":"https:\/\/savalfg.cl\/2017\/wp-json\/wp\/v2\/media\/466"}],"wp:attachment":[{"href":"https:\/\/savalfg.cl\/2017\/wp-json\/wp\/v2\/media?parent=1097"}],"wp:term":[{"taxonomy":"category","embeddable":true,"href":"https:\/\/savalfg.cl\/2017\/wp-json\/wp\/v2\/categories?post=1097"},{"taxonomy":"post_tag","embeddable":true,"href":"https:\/\/savalfg.cl\/2017\/wp-json\/wp\/v2\/tags?post=1097"}],"curies":[{"name":"wp","href":"https:\/\/api.w.org\/{rel}","templated":true}]}}