{"id":1032,"date":"2020-03-16T15:10:06","date_gmt":"2020-03-16T15:10:06","guid":{"rendered":"https:\/\/savalfg.cl\/2017\/?p=1032"},"modified":"2020-03-16T15:15:53","modified_gmt":"2020-03-16T15:15:53","slug":"cft-estatales","status":"publish","type":"post","link":"https:\/\/savalfg.cl\/2017\/cft-estatales\/","title":{"rendered":"CFT ESTATALES"},"content":{"rendered":"\n<p>Por V\u00edctor Valentin, presidente de SAVAL FG<\/p>\n\n\n\n<p>El pasado viernes nuestra regi\u00f3n vivi\u00f3 un hito hist\u00f3rico, y no estoy exagerando. En La Uni\u00f3n, inici\u00f3 su a\u00f1o acad\u00e9mico el Centro de Formaci\u00f3n T\u00e9cnica Estatal de Los R\u00edos. Una oportunidad para que casi 300 j\u00f3venes comiencen su camino para concretar sus sue\u00f1os y anhelos a trav\u00e9s de una formaci\u00f3n t\u00e9cnica-profesional que le permita desarrollarse a lo largo de su vida.<\/p>\n\n\n\n<p>El CFT de La Uni\u00f3n comienza su primer a\u00f1o acad\u00e9mico con cuatro carreras\nt\u00e9cnicas: Electricidad menci\u00f3n energ\u00edas renovables; Administraci\u00f3n P\u00fablica\nPrivada; Automatizaci\u00f3n; y Agroindustria e Innovaci\u00f3n Alimentaria. <\/p>\n\n\n\n<p>La Provincia del Ranco es el epicentro de la agricultura de nuestra regi\u00f3n\ny como SAVAL FG hemos estado apoyando esta iniciativa porque ser\u00e1 una\noportunidad para miles de j\u00f3venes de la zona, que quieran estudiar y seguir\nviviendo en el lugar que los vio crecer. Junto a su desarrollo personal tambi\u00e9n\nestamos frente a una oportunidad para incentivar a que el talento joven no\nabandone nuestra regi\u00f3n.<\/p>\n\n\n\n<p>La formaci\u00f3n educativa enfocada en la agricultura ha sido siempre uno de\nnuestros ejes de trabajo. Es por esto, que fomentamos que miembros de nuestro\ngremio formen parte de iniciativas que se encarguen de encaminar las mallas\ncurriculares a la realidad que se necesita en los campos. Es as\u00ed como nuestro\nasociado, Patricio Avil\u00e9s, forma parte del directorio del CFT La Uni\u00f3n, lo que\nse complementa a nuestra participaci\u00f3n del Consejo Regional de Educaci\u00f3n\nT\u00e9cnica Profesional.<\/p>\n\n\n\n<p>El director del establecimiento, Ram\u00f3n Rubio, destac\u00f3 en su discurso el\nestrecho v\u00ednculo que han desarrollado con los sectores productivos, que junto a\nempresas, gremios y otros actores han dado vida al Consejo Socio Productivo del\nestablecimiento. Uno de sus compromisos como instituci\u00f3n es ayudarles, por medio\nde los alumnos y acad\u00e9micos,&nbsp; a encontrar\nsoluciones que ayuden a la productividad y al cuidado del medio ambiente. <\/p>\n\n\n\n<p>Los CFT estatales son una tremenda oportunidad porque reducen las barreras\ngeogr\u00e1ficas, econ\u00f3micas, sociales y pedag\u00f3gicas. Por lo mismo, estamos\ncontentos de que este proyecto ya est\u00e9 funcionando y esperamos que se convierta\nen uno de los mejores Centros de Formaci\u00f3n T\u00e9cnica Estatal de Chile, destacando\npor su calidad de ense\u00f1anza y por el impacto social y productivo en la\ncomunidad regional de Los R\u00edos. Buscando el mejor acercamiento a la empresa\nprivada, sobre todo en el v\u00ednculo de las pr\u00e1cticas profesionales que son tan\nnecesarias para una buena formaci\u00f3n y preparaci\u00f3n para insertarse en el \u00e1mbito\nlaboral tan competitivo que cada d\u00eda se hace mas exigente.<\/p>\n\n<div class=\"twitter-share\"><a href=\"https:\/\/twitter.com\/intent\/tweet?via=savalfg\" class=\"twitter-share-button\" data-size=\"large\">Twittear<\/a><\/div>\n","protected":false},"excerpt":{"rendered":"<p>Por V\u00edctor Valentin, presidente de SAVAL FG El pasado viernes nuestra regi\u00f3n vivi\u00f3 un hito hist\u00f3rico, y no estoy exagerando. En La Uni\u00f3n, inici\u00f3 su a\u00f1o acad\u00e9mico el Centro de Formaci\u00f3n T\u00e9cnica Estatal de Los R\u00edos. Una oportunidad para que casi 300 j\u00f3venes comiencen su camino para concretar sus sue\u00f1os y anhelos a trav\u00e9s de una formaci\u00f3n t\u00e9cnica-profesional que le permita desarrollarse a lo largo de su vida. El CFT de La Uni\u00f3n comienza su primer a\u00f1o acad\u00e9mico con cuatro carreras t\u00e9cnicas: Electricidad menci\u00f3n energ\u00edas renovables; Administraci\u00f3n P\u00fablica Privada; Automatizaci\u00f3n; y Agroindustria e Innovaci\u00f3n Alimentaria. La Provincia del Ranco es el epicentro de la agricultura de nuestra regi\u00f3n y como SAVAL FG hemos estado apoyando esta iniciativa porque ser\u00e1 una oportunidad para miles de j\u00f3venes de la zona, que quieran estudiar y seguir viviendo en el lugar que los vio crecer. Junto a su desarrollo personal tambi\u00e9n estamos frente a una oportunidad para incentivar a que el talento joven no abandone nuestra regi\u00f3n. La formaci\u00f3n educativa enfocada en la agricultura ha sido siempre uno de nuestros ejes de trabajo. Es por esto, que fomentamos que miembros de nuestro gremio formen parte de iniciativas que se encarguen de encaminar las mallas curriculares a la realidad que se necesita en los campos. Es as\u00ed como nuestro asociado, Patricio Avil\u00e9s, forma parte del directorio del CFT La Uni\u00f3n, lo que se complementa a nuestra participaci\u00f3n del Consejo Regional de Educaci\u00f3n T\u00e9cnica Profesional. El director del establecimiento, Ram\u00f3n Rubio, destac\u00f3 en su discurso el estrecho v\u00ednculo que han desarrollado con los sectores productivos, que junto a empresas, gremios y otros actores han dado vida al Consejo Socio Productivo del establecimiento. Uno de sus compromisos como instituci\u00f3n es ayudarles, por medio de los alumnos y acad\u00e9micos,&nbsp; a encontrar soluciones que ayuden a la productividad y al cuidado del medio ambiente. Los CFT estatales son una tremenda oportunidad porque reducen las barreras geogr\u00e1ficas, econ\u00f3micas, sociales y pedag\u00f3gicas. Por lo mismo, estamos contentos de que este proyecto ya est\u00e9 funcionando y esperamos que se convierta en uno de los mejores Centros de Formaci\u00f3n T\u00e9cnica Estatal de Chile, destacando por su calidad de ense\u00f1anza y por el impacto social y productivo en la comunidad regional de Los R\u00edos. Buscando el mejor acercamiento a la empresa privada, sobre todo en el v\u00ednculo de las pr\u00e1cticas profesionales que son tan necesarias para una buena formaci\u00f3n y preparaci\u00f3n para insertarse en el \u00e1mbito laboral tan competitivo que cada d\u00eda se hace mas exigente.<\/p>\n","protected":false},"author":7,"featured_media":529,"comment_status":"open","ping_status":"open","sticky":false,"template":"","format":"standard","meta":{"disable_featured_image":false},"categories":[2,11,1],"tags":[],"post_mailing_queue_ids":[],"_links":{"self":[{"href":"https:\/\/savalfg.cl\/2017\/wp-json\/wp\/v2\/posts\/1032"}],"collection":[{"href":"https:\/\/savalfg.cl\/2017\/wp-json\/wp\/v2\/posts"}],"about":[{"href":"https:\/\/savalfg.cl\/2017\/wp-json\/wp\/v2\/types\/post"}],"author":[{"embeddable":true,"href":"https:\/\/savalfg.cl\/2017\/wp-json\/wp\/v2\/users\/7"}],"replies":[{"embeddable":true,"href":"https:\/\/savalfg.cl\/2017\/wp-json\/wp\/v2\/comments?post=1032"}],"version-history":[{"count":2,"href":"https:\/\/savalfg.cl\/2017\/wp-json\/wp\/v2\/posts\/1032\/revisions"}],"predecessor-version":[{"id":1034,"href":"https:\/\/savalfg.cl\/2017\/wp-json\/wp\/v2\/posts\/1032\/revisions\/1034"}],"wp:featuredmedia":[{"embeddable":true,"href":"https:\/\/savalfg.cl\/2017\/wp-json\/wp\/v2\/media\/529"}],"wp:attachment":[{"href":"https:\/\/savalfg.cl\/2017\/wp-json\/wp\/v2\/media?parent=1032"}],"wp:term":[{"taxonomy":"category","embeddable":true,"href":"https:\/\/savalfg.cl\/2017\/wp-json\/wp\/v2\/categories?post=1032"},{"taxonomy":"post_tag","embeddable":true,"href":"https:\/\/savalfg.cl\/2017\/wp-json\/wp\/v2\/tags?post=1032"}],"curies":[{"name":"wp","href":"https:\/\/api.w.org\/{rel}","templated":true}]}}